{"id":17873,"date":"2017-01-02T14:52:22","date_gmt":"2017-01-02T19:52:22","guid":{"rendered":"https:\/\/famaliving.ca\/blog\/2017\/01\/02\/mobilier-dexterieur-fama\/"},"modified":"2024-05-13T13:21:24","modified_gmt":"2024-05-13T17:21:24","slug":"mobilier-dexterieur-fama","status":"publish","type":"post","link":"https:\/\/famaliving.ca\/fr\/blog\/mobilier-dexterieur-fama\/","title":{"rendered":"Revolutionizez Votre Patio : Confort Ultime Avec Arianne &amp; Siesta De Fama!"},"content":{"rendered":"<h1>Mobilier d&rsquo;ext\u00e9rieur Fama<\/h1>\n<p><a href=\"https:\/\/famaliving.ca\/product-category\/outdoor-furniture\/\">Les meubles d\u2019ext\u00e9rieur<\/a> sont g\u00e9n\u00e9ralement consid\u00e9r\u00e9s comme des meubles de loisirs et ils doivent certainement offrir un confort maximal. Mais en m\u00eame temps, la durabilit\u00e9 des meubles de patio ext\u00e9rieurs doit \u00eatre exceptionnelle. Le patio peut devenir une pi\u00e8ce suppl\u00e9mentaire dans votre maison pour tout l\u2019\u00e9t\u00e9 \u2013 un salon en plein air, o\u00f9 vous passez la plupart de votre temps libre en famille et entre amis.<\/p>\n<p><img loading=\"lazy\" decoding=\"async\" class=\"alignnone wp-image-143 size-full\" src=\"https:\/\/famaliving.ca\/wp-content\/uploads\/sites\/29\/fama-outdoor-furniture-2.jpg\" alt=\"\" width=\"800\" height=\"509\" srcset=\"https:\/\/famaliving.ca\/wp-content\/uploads\/sites\/29\/fama-outdoor-furniture-2.jpg 800w, https:\/\/famaliving.ca\/wp-content\/uploads\/sites\/29\/fama-outdoor-furniture-2-400x255.jpg 400w, https:\/\/famaliving.ca\/wp-content\/uploads\/sites\/29\/fama-outdoor-furniture-2-768x489.jpg 768w\" sizes=\"auto, (max-width: 800px) 100vw, 800px\" \/><\/p>\n<div class=\"entry-content\">\n<div class=\"vc_row wpb_row vc_row-fluid vc_custom_1454279964735\">\n<div class=\"wpb_column vc_column_container vc_col-sm-12\">\n<div class=\"vc_column-inner\">\n<div class=\"wpb_wrapper\">\n<div class=\"wpb_text_column wpb_content_element\">\n<div class=\"wpb_wrapper\">\n<p>Pour transformer votre espace en un lieu confortable, vous aurez besoin de meubles de patio ext\u00e9rieurs qui correspondent \u00e0 votre style de vie. Vous voudrez \u00e9galement pouvoir servir des repas sur votre patio lors de ces belles journ\u00e9es d\u2019\u00e9t\u00e9, donc vos meubles de patio ext\u00e9rieurs doivent \u00e9galement \u00eatre adapt\u00e9s \u00e0 cela. Vous pouvez mettre diff\u00e9rents types de meubles d\u2019ext\u00e9rieur, comme un ensemble de salle \u00e0 manger ext\u00e9rieur et des chaises longues, ou, si votre patio n\u2019est pas trop grand, avoir des meubles de patio ext\u00e9rieurs multifonctionnels qui peuvent servir \u00e0 diff\u00e9rents usages.<\/p>\n<p>C\u2019est l\u00e0 que les meubles de jardin Arianne sont utiles ! Arianne Garden est un ensemble de meubles de jardin modulaires qui peuvent \u00eatre configur\u00e9s pour s\u2019adapter parfaitement \u00e0 votre espace et, en m\u00eame temps, sont extr\u00eamement solides. Les meubles de patio ext\u00e9rieurs Arianne Garden se composent de modules individuels qui peuvent \u00eatre plac\u00e9s ensemble pour former un canap\u00e9 ou une section, ou \u00eatre utilis\u00e9s individuellement \u00e0 tout moment.<\/p>\n<p>Le dossier du si\u00e8ge des pi\u00e8ces modulaires se rabat pour cr\u00e9er une table et en m\u00eame temps enveloppe les coussins pour les prot\u00e9ger des conditions m\u00e9t\u00e9orologiques ; par cons\u00e9quent, les meubles de patio ext\u00e9rieurs Arianne Garden peuvent \u00eatre laiss\u00e9s \u00e0 l\u2019ext\u00e9rieur.<\/p>\n<p>L\u2019option de si\u00e8ge pliant et le fait que les meubles de patio ext\u00e9rieurs Arianne Garden se composent de diff\u00e9rents modules rendent cet ensemble extr\u00eamement polyvalent et adapt\u00e9 \u00e0 la d\u00e9tente ou \u00e0 la prise de repas et de boissons.<\/p>\n<p><img loading=\"lazy\" decoding=\"async\" class=\"alignnone wp-image-144 size-full\" src=\"https:\/\/famaliving.ca\/wp-content\/uploads\/sites\/29\/fama-outdoor-furniture-1.jpg\" alt=\"\" width=\"800\" height=\"520\" srcset=\"https:\/\/famaliving.ca\/wp-content\/uploads\/sites\/29\/fama-outdoor-furniture-1.jpg 800w, https:\/\/famaliving.ca\/wp-content\/uploads\/sites\/29\/fama-outdoor-furniture-1-400x260.jpg 400w, https:\/\/famaliving.ca\/wp-content\/uploads\/sites\/29\/fama-outdoor-furniture-1-768x499.jpg 768w\" sizes=\"auto, (max-width: 800px) 100vw, 800px\" \/><\/p>\n<p>Quand il s\u2019agit de mobilier de patio ext\u00e9rieur Arianne Garden, nous ne parlons pas seulement de grand confort et de durabilit\u00e9, mais aussi d\u2019un design incroyable et de choix de couleurs \u00e9tonnants pour cr\u00e9er un ensemble de mobilier de patio ext\u00e9rieur unique qui correspond parfaitement \u00e0 votre style. Le cadre du mobilier de patio ext\u00e9rieur Arianne Garden est en poly\u00e9thyl\u00e8ne et disponible en 7 couleurs. Les si\u00e8ges rembourr\u00e9s offrent un grand confort et sont disponibles dans diff\u00e9rents tissus, qui sont lavables et r\u00e9sistants aux conditions m\u00e9t\u00e9orologiques.<\/p>\n<p>Le mobilier de patio ext\u00e9rieur Arianne Garden est parfaitement compl\u00e9t\u00e9 par le transat ext\u00e9rieur Siesta, qui est un excellent transat d\u2019ext\u00e9rieur \u00e0 bascule. Ce transat est \u00e9galement disponible dans diff\u00e9rentes couleurs pour la base et offre un grand choix de rev\u00eatements pour le coussin sup\u00e9rieur. Le design unique du transat Siesta et ses couleurs vives en font un excellent \u00e9l\u00e9ment de mobilier de patio ext\u00e9rieur.<\/p>\n<p>Choisir votre mobilier de patio ext\u00e9rieur doit \u00eatre associ\u00e9 au plaisir et au temps de vacances, car le mobilier de patio ext\u00e9rieur est principalement utilis\u00e9 en \u00e9t\u00e9, donc les pi\u00e8ces de mobilier de patio ext\u00e9rieur doivent \u00eatre moins formelles et plus li\u00e9es au plaisir et aux bons moments; c\u2019est pourquoi choisir votre mobilier de patio ext\u00e9rieur dans des couleurs vives et des formes uniques donnera \u00e0 votre espace ext\u00e9rieur une atmosph\u00e8re de bonheur et de s\u00e9r\u00e9nit\u00e9.<\/p>\n<\/div>\n<\/div>\n<\/div>\n<\/div>\n<\/div>\n<\/div>\n<\/div>\n","protected":false},"excerpt":{"rendered":"<p>Mobilier d&rsquo;ext\u00e9rieur Fama Les meubles d\u2019ext\u00e9rieur sont g\u00e9n\u00e9ralement consid\u00e9r\u00e9s comme des meubles de loisirs et ils doivent certainement offrir un confort maximal. Mais en m\u00eame temps, la durabilit\u00e9 des meubles de patio ext\u00e9rieurs doit \u00eatre exceptionnelle. Le patio peut devenir une pi\u00e8ce suppl\u00e9mentaire dans votre maison pour tout l\u2019\u00e9t\u00e9 \u2013 un salon en plein air, [&hellip;]<\/p>\n","protected":false},"author":243,"featured_media":11293,"comment_status":"closed","ping_status":"open","sticky":false,"template":"","format":"standard","meta":{"_acf_changed":false,"site-sidebar-layout":"default","site-content-layout":"","ast-site-content-layout":"default","site-content-style":"default","site-sidebar-style":"default","ast-global-header-display":"","ast-banner-title-visibility":"","ast-main-header-display":"","ast-hfb-above-header-display":"","ast-hfb-below-header-display":"","ast-hfb-mobile-header-display":"","site-post-title":"","ast-breadcrumbs-content":"","ast-featured-img":"","footer-sml-layout":"","ast-disable-related-posts":"","theme-transparent-header-meta":"","adv-header-id-meta":"","stick-header-meta":"","header-above-stick-meta":"","header-main-stick-meta":"","header-below-stick-meta":"","astra-migrate-meta-layouts":"set","ast-page-background-enabled":"default","ast-page-background-meta":{"desktop":{"background-color":"var(--ast-global-color-4)","background-image":"","background-repeat":"repeat","background-position":"center center","background-size":"auto","background-attachment":"scroll","background-type":"","background-media":"","overlay-type":"","overlay-color":"","overlay-opacity":"","overlay-gradient":""},"tablet":{"background-color":"","background-image":"","background-repeat":"repeat","background-position":"center center","background-size":"auto","background-attachment":"scroll","background-type":"","background-media":"","overlay-type":"","overlay-color":"","overlay-opacity":"","overlay-gradient":""},"mobile":{"background-color":"","background-image":"","background-repeat":"repeat","background-position":"center center","background-size":"auto","background-attachment":"scroll","background-type":"","background-media":"","overlay-type":"","overlay-color":"","overlay-opacity":"","overlay-gradient":""}},"ast-content-background-meta":{"desktop":{"background-color":"var(--ast-global-color-5)","background-image":"","background-repeat":"repeat","background-position":"center center","background-size":"auto","background-attachment":"scroll","background-type":"","background-media":"","overlay-type":"","overlay-color":"","overlay-opacity":"","overlay-gradient":""},"tablet":{"background-color":"var(--ast-global-color-5)","background-image":"","background-repeat":"repeat","background-position":"center center","background-size":"auto","background-attachment":"scroll","background-type":"","background-media":"","overlay-type":"","overlay-color":"","overlay-opacity":"","overlay-gradient":""},"mobile":{"background-color":"var(--ast-global-color-5)","background-image":"","background-repeat":"repeat","background-position":"center center","background-size":"auto","background-attachment":"scroll","background-type":"","background-media":"","overlay-type":"","overlay-color":"","overlay-opacity":"","overlay-gradient":""}},"footnotes":""},"categories":[94],"tags":[],"class_list":["post-17873","post","type-post","status-publish","format-standard","has-post-thumbnail","hentry","category-tendances-du-mobilier-moderne"],"acf":[],"_links":{"self":[{"href":"https:\/\/famaliving.ca\/fr\/wp-json\/wp\/v2\/posts\/17873","targetHints":{"allow":["GET"]}}],"collection":[{"href":"https:\/\/famaliving.ca\/fr\/wp-json\/wp\/v2\/posts"}],"about":[{"href":"https:\/\/famaliving.ca\/fr\/wp-json\/wp\/v2\/types\/post"}],"author":[{"embeddable":true,"href":"https:\/\/famaliving.ca\/fr\/wp-json\/wp\/v2\/users\/243"}],"replies":[{"embeddable":true,"href":"https:\/\/famaliving.ca\/fr\/wp-json\/wp\/v2\/comments?post=17873"}],"version-history":[{"count":4,"href":"https:\/\/famaliving.ca\/fr\/wp-json\/wp\/v2\/posts\/17873\/revisions"}],"predecessor-version":[{"id":18781,"href":"https:\/\/famaliving.ca\/fr\/wp-json\/wp\/v2\/posts\/17873\/revisions\/18781"}],"wp:featuredmedia":[{"embeddable":true,"href":"https:\/\/famaliving.ca\/fr\/wp-json\/wp\/v2\/media\/11293"}],"wp:attachment":[{"href":"https:\/\/famaliving.ca\/fr\/wp-json\/wp\/v2\/media?parent=17873"}],"wp:term":[{"taxonomy":"category","embeddable":true,"href":"https:\/\/famaliving.ca\/fr\/wp-json\/wp\/v2\/categories?post=17873"},{"taxonomy":"post_tag","embeddable":true,"href":"https:\/\/famaliving.ca\/fr\/wp-json\/wp\/v2\/tags?post=17873"}],"curies":[{"name":"wp","href":"https:\/\/api.w.org\/{rel}","templated":true}]}}