{"id":23508,"date":"2025-02-02T19:31:47","date_gmt":"2025-02-03T00:31:47","guid":{"rendered":"https:\/\/famaliving.ca\/?p=23508"},"modified":"2025-02-11T13:31:28","modified_gmt":"2025-02-11T18:31:28","slug":"canape-modulable-fedra-creez-votre-espace-de-vie-parfait","status":"publish","type":"post","link":"https:\/\/famaliving.ca\/fr\/blog\/canape-modulable-fedra-creez-votre-espace-de-vie-parfait\/","title":{"rendered":"Canap\u00e9 modulable Fedra &#8211; Cr\u00e9ez votre espace de vie parfait"},"content":{"rendered":"\t\t<div data-elementor-type=\"wp-post\" data-elementor-id=\"23508\" class=\"elementor elementor-23508 elementor-23493\" data-elementor-post-type=\"post\">\n\t\t\t\t<div class=\"elementor-element elementor-element-1 e-flex e-con-boxed e-con e-parent\" data-id=\"1\" data-element_type=\"container\" data-e-type=\"container\">\n\t\t\t\t\t<div class=\"e-con-inner\">\n\t\t\t\t<div class=\"elementor-element elementor-element-2 elementor-widget elementor-widget-text-editor\" data-id=\"2\" data-element_type=\"widget\" data-e-type=\"widget\" data-widget_type=\"text-editor.default\">\n\t\t\t\t\t\t<div class=\"elementor-widget-container\">\n\t\t\t\t\t\t\t\t\t<p>D\u00e9couvrez le canap\u00e9 modulaire Fedra, une option d\u2019assise flexible pour votre maison canadienne. Il peut transformer n\u2019importe quel espace en un coin confortable, un grand lieu de rassemblement ou un endroit pour s\u2019amuser. Le design du Fedra vous permet de cr\u00e9er l\u2019espace de vie id\u00e9al pour votre style de vie.  <\/p>\n\t\t\t\t\t\t\t\t<\/div>\n\t\t\t\t<\/div>\n\t\t\t\t\t<\/div>\n\t\t\t\t<\/div>\n\t\t<div class=\"elementor-element elementor-element-3 e-flex e-con-boxed e-con e-parent\" data-id=\"3\" data-element_type=\"container\" data-e-type=\"container\">\n\t\t\t\t\t<div class=\"e-con-inner\">\n\t\t\t\t<div class=\"elementor-element elementor-element-4 elementor-widget elementor-widget-text-editor\" data-id=\"4\" data-element_type=\"widget\" data-e-type=\"widget\" data-widget_type=\"text-editor.default\">\n\t\t\t\t\t\t<div class=\"elementor-widget-container\">\n\t\t\t\t\t\t\t\t\t<p>Le Fedra est fabriqu\u00e9 avec un look \u00e9l\u00e9gant et luxueux et se sent super confortable. Ses pi\u00e8ces peuvent \u00eatre agenc\u00e9es de nombreuses fa\u00e7ons pour s\u2019adapter \u00e0 n\u2019importe quelle pi\u00e8ce. Cela signifie que vous pouvez utiliser votre espace \u00e0 bon escient et donner \u00e0 votre maison une belle apparence.  <\/p>\n\t\t\t\t\t\t\t\t<\/div>\n\t\t\t\t<\/div>\n\t\t\t\t\t<\/div>\n\t\t\t\t<\/div>\n\t\t<div class=\"elementor-element elementor-element-5 e-flex e-con-boxed e-con e-parent\" data-id=\"5\" data-element_type=\"container\" data-e-type=\"container\">\n\t\t\t\t\t<div class=\"e-con-inner\">\n\t\t\t\t<div class=\"elementor-element elementor-element-6 elementor-widget elementor-widget-heading\" data-id=\"6\" data-element_type=\"widget\" data-e-type=\"widget\" data-widget_type=\"heading.default\">\n\t\t\t\t\t\t<div class=\"elementor-widget-container\">\n\t\t\t\t\t<h3 class=\"elementor-heading-title elementor-size-default\">Principaux points \u00e0 retenir<\/h3>\t\t\t\t<\/div>\n\t\t\t\t<\/div>\n\t\t\t\t\t<\/div>\n\t\t\t\t<\/div>\n\t\t<div class=\"elementor-element elementor-element-7 e-flex e-con-boxed e-con e-parent\" data-id=\"7\" data-element_type=\"container\" data-e-type=\"container\">\n\t\t\t\t\t<div class=\"e-con-inner\">\n\t\t\t\t<div class=\"elementor-element elementor-element-8 elementor-widget elementor-widget-text-editor\" data-id=\"8\" data-element_type=\"widget\" data-e-type=\"widget\" data-widget_type=\"text-editor.default\">\n\t\t\t\t\t\t<div class=\"elementor-widget-container\">\n\t\t\t\t\t\t\t\t\t<ul>\n<li>Conception modulaire polyvalente pour des espaces de vie personnalisables<\/li>\n<li>Une esth\u00e9tique contemporaine et luxueuse pour rehausser le style de votre maison<\/li>\n<li>Des solutions peu encombrantes pour les maisons canadiennes modernes<\/li>\n<li>Confort et d\u00e9tente exceptionnels<\/li>\n<li>Fabrication de haute qualit\u00e9 et construction durable<\/li>\n<\/ul>\n\t\t\t\t\t\t\t\t<\/div>\n\t\t\t\t<\/div>\n\t\t\t\t\t<\/div>\n\t\t\t\t<\/div>\n\t\t<div class=\"elementor-element elementor-element-9 e-flex e-con-boxed e-con e-parent\" data-id=\"9\" data-element_type=\"container\" data-e-type=\"container\">\n\t\t\t\t\t<div class=\"e-con-inner\">\n\t\t\t\t<div class=\"elementor-element elementor-element-10 elementor-widget elementor-widget-heading\" data-id=\"10\" data-element_type=\"widget\" data-e-type=\"widget\" data-widget_type=\"heading.default\">\n\t\t\t\t\t\t<div class=\"elementor-widget-container\">\n\t\t\t\t\t<h2 class=\"elementor-heading-title elementor-size-default\">Transformez votre salon avec un design sectionnel moderne<\/h2>\t\t\t\t<\/div>\n\t\t\t\t<\/div>\n\t\t\t\t\t<\/div>\n\t\t\t\t<\/div>\n\t\t<div class=\"elementor-element elementor-element-11 e-flex e-con-boxed e-con e-parent\" data-id=\"11\" data-element_type=\"container\" data-e-type=\"container\">\n\t\t\t\t\t<div class=\"e-con-inner\">\n\t\t\t\t<div class=\"elementor-element elementor-element-12 elementor-widget elementor-widget-text-editor\" data-id=\"12\" data-element_type=\"widget\" data-e-type=\"widget\" data-widget_type=\"text-editor.default\">\n\t\t\t\t\t\t<div class=\"elementor-widget-container\">\n\t\t\t\t\t\t\t\t\t<p>Le <a href=\"https:\/\/famaliving.ca\/fr\/conception-modulaire\/\" target=\"_blank\">design du canap\u00e9 sectionnel<\/a> modulaire de Famaliving est un choix judicieux pour rendre votre salon \u00e9l\u00e9gant et confortable. Le canap\u00e9 modulaire Fedra change la fa\u00e7on dont nous voyons les canap\u00e9s modernes. Il combine un look cool avec un grand confort.  <\/p>\n\t\t\t\t\t\t\t\t<\/div>\n\t\t\t\t<\/div>\n\t\t\t\t\t<\/div>\n\t\t\t\t<\/div>\n\t\t<div class=\"elementor-element elementor-element-13 e-flex e-con-boxed e-con e-parent\" data-id=\"13\" data-element_type=\"container\" data-e-type=\"container\">\n\t\t\t\t\t<div class=\"e-con-inner\">\n\t\t\t\t<div class=\"elementor-element elementor-element-14 elementor-widget elementor-widget-heading\" data-id=\"14\" data-element_type=\"widget\" data-e-type=\"widget\" data-widget_type=\"heading.default\">\n\t\t\t\t\t\t<div class=\"elementor-widget-container\">\n\t\t\t\t\t<h3 class=\"elementor-heading-title elementor-size-default\">Esth\u00e9tique contemporaine et confort combin\u00e9s<\/h3>\t\t\t\t<\/div>\n\t\t\t\t<\/div>\n\t\t\t\t\t<\/div>\n\t\t\t\t<\/div>\n\t\t<div class=\"elementor-element elementor-element-15 e-flex e-con-boxed e-con e-parent\" data-id=\"15\" data-element_type=\"container\" data-e-type=\"container\">\n\t\t\t\t\t<div class=\"e-con-inner\">\n\t\t\t\t<div class=\"elementor-element elementor-element-16 elementor-widget elementor-widget-text-editor\" data-id=\"16\" data-element_type=\"widget\" data-e-type=\"widget\" data-widget_type=\"text-editor.default\">\n\t\t\t\t\t\t<div class=\"elementor-widget-container\">\n\t\t\t\t\t\t\t\t\t<p>Le canap\u00e9 modulaire Fedra est \u00e0 la fois beau et confortable. Son design est \u00e9l\u00e9gant et moderne, ce qui en fait une pi\u00e8ce remarquable. Les coussins moelleux et le design intelligent le rendent parfait pour se d\u00e9tendre.  <\/p>\n\t\t\t\t\t\t\t\t<\/div>\n\t\t\t\t<\/div>\n\t\t\t\t<div class=\"elementor-element elementor-element-c9717b0 elementor-widget elementor-widget-text-editor\" data-id=\"c9717b0\" data-element_type=\"widget\" data-e-type=\"widget\" data-widget_type=\"text-editor.default\">\n\t\t\t\t\t\t<div class=\"elementor-widget-container\">\n\t\t\t\t\t\t\t\t\t<p><a href=\"https:\/\/www.roveconcepts.com\/\" target=\"_new\" rel=\"noopener\">Rove Concepts<\/a> est connu pour son mobilier \u00e9l\u00e9gant, moderne et du milieu du si\u00e8cle qui compl\u00e8te les espaces contemporains. Chez Fama, nous allons plus loin en offrant plus de 500 choix de tissus, des couleurs personnalisables et la possibilit\u00e9 de cr\u00e9er des meubles con\u00e7us pour correspondre \u00e0 vos go\u00fbts uniques et s\u2019int\u00e9grer parfaitement \u00e0 votre maison. <\/p>\n\t\t\t\t\t\t\t\t<\/div>\n\t\t\t\t<\/div>\n\t\t\t\t\t<\/div>\n\t\t\t\t<\/div>\n\t\t<div class=\"elementor-element elementor-element-17 e-flex e-con-boxed e-con e-parent\" data-id=\"17\" data-element_type=\"container\" data-e-type=\"container\">\n\t\t\t\t\t<div class=\"e-con-inner\">\n\t\t\t\t<div class=\"elementor-element elementor-element-18 elementor-widget elementor-widget-heading\" data-id=\"18\" data-element_type=\"widget\" data-e-type=\"widget\" data-widget_type=\"heading.default\">\n\t\t\t\t\t\t<div class=\"elementor-widget-container\">\n\t\t\t\t\t<h3 class=\"elementor-heading-title elementor-size-default\">Solutions peu encombrantes pour les maisons modernes<\/h3>\t\t\t\t<\/div>\n\t\t\t\t<\/div>\n\t\t\t\t\t<\/div>\n\t\t\t\t<\/div>\n\t\t<div class=\"elementor-element elementor-element-19 e-flex e-con-boxed e-con e-parent\" data-id=\"19\" data-element_type=\"container\" data-e-type=\"container\">\n\t\t\t\t\t<div class=\"e-con-inner\">\n\t\t\t\t<div class=\"elementor-element elementor-element-20 elementor-widget elementor-widget-text-editor\" data-id=\"20\" data-element_type=\"widget\" data-e-type=\"widget\" data-widget_type=\"text-editor.default\">\n\t\t\t\t\t\t<div class=\"elementor-widget-container\">\n\t\t\t\t\t\t\t\t\t<p>Le canap\u00e9 modulaire Fedra est id\u00e9al pour les petits espaces. Ses pi\u00e8ces peuvent \u00eatre agenc\u00e9es pour s\u2019adapter \u00e0 n\u2019importe quelle taille de pi\u00e8ce. Qu\u2019il s\u2019agisse d\u2019un endroit confortable dans un petit appartement ou d\u2019un grand sectionnel pour une grande pi\u00e8ce, cela fonctionne.  <\/p>\n\t\t\t\t\t\t\t\t<\/div>\n\t\t\t\t<\/div>\n\t\t\t\t\t<\/div>\n\t\t\t\t<\/div>\n\t\t<div class=\"elementor-element elementor-element-21 e-flex e-con-boxed e-con e-parent\" data-id=\"21\" data-element_type=\"container\" data-e-type=\"container\">\n\t\t\t\t\t<div class=\"e-con-inner\">\n\t\t\t\t<div class=\"elementor-element elementor-element-22 elementor-widget elementor-widget-image\" data-id=\"22\" data-element_type=\"widget\" data-e-type=\"widget\" data-widget_type=\"image.default\">\n\t\t\t\t\t\t<div class=\"elementor-widget-container\">\n\t\t\t\t\t\t\t\t\t\t\t\t\t\t\t<img loading=\"lazy\" decoding=\"async\" width=\"1400\" height=\"733\" src=\"https:\/\/famaliving.ca\/wp-content\/uploads\/sites\/29\/Modular-Sofa-Fedra.jpg\" class=\"attachment-large size-large wp-image-17963\" alt=\"\" srcset=\"https:\/\/famaliving.ca\/wp-content\/uploads\/sites\/29\/Modular-Sofa-Fedra.jpg 1600w, https:\/\/famaliving.ca\/wp-content\/uploads\/sites\/29\/Modular-Sofa-Fedra-800x419.jpg 800w, https:\/\/famaliving.ca\/wp-content\/uploads\/sites\/29\/Modular-Sofa-Fedra-400x210.jpg 400w, https:\/\/famaliving.ca\/wp-content\/uploads\/sites\/29\/Modular-Sofa-Fedra-768x402.jpg 768w, https:\/\/famaliving.ca\/wp-content\/uploads\/sites\/29\/Modular-Sofa-Fedra-1536x804.jpg 1536w\" sizes=\"auto, (max-width: 1400px) 100vw, 1400px\" \/>\t\t\t\t\t\t\t\t\t\t\t\t\t\t\t<\/div>\n\t\t\t\t<\/div>\n\t\t\t\t\t<\/div>\n\t\t\t\t<\/div>\n\t\t<div class=\"elementor-element elementor-element-23 e-flex e-con-boxed e-con e-parent\" data-id=\"23\" data-element_type=\"container\" data-e-type=\"container\">\n\t\t\t\t\t<div class=\"e-con-inner\">\n\t\t\t\t<div class=\"elementor-element elementor-element-24 elementor-widget elementor-widget-text-editor\" data-id=\"24\" data-element_type=\"widget\" data-e-type=\"widget\" data-widget_type=\"text-editor.default\">\n\t\t\t\t\t\t<div class=\"elementor-widget-container\">\n\t\t\t\t\t\t\t\t\t<p>Le canap\u00e9 modulaire Fedra vous permet de transformer votre salon en un espace \u00e9l\u00e9gant et flexible. C\u2019est le m\u00e9lange id\u00e9al de meubles modulaires, modernes et <b>modulaires<\/b>. Am\u00e9liorez votre maison avec ce canap\u00e9.  <\/p>\n\t\t\t\t\t\t\t\t<\/div>\n\t\t\t\t<\/div>\n\t\t\t\t\t<\/div>\n\t\t\t\t<\/div>\n\t\t<div class=\"elementor-element elementor-element-25 e-flex e-con-boxed e-con e-parent\" data-id=\"25\" data-element_type=\"container\" data-e-type=\"container\">\n\t\t\t\t\t<div class=\"e-con-inner\">\n\t\t\t\t<div class=\"elementor-element elementor-element-26 elementor-widget elementor-widget-heading\" data-id=\"26\" data-element_type=\"widget\" data-e-type=\"widget\" data-widget_type=\"heading.default\">\n\t\t\t\t\t\t<div class=\"elementor-widget-container\">\n\t\t\t\t\t<h2 class=\"elementor-heading-title elementor-size-default\">Canap\u00e9 modulaire Fedra : caract\u00e9ristiques et innovations<\/h2>\t\t\t\t<\/div>\n\t\t\t\t<\/div>\n\t\t\t\t\t<\/div>\n\t\t\t\t<\/div>\n\t\t<div class=\"elementor-element elementor-element-27 e-flex e-con-boxed e-con e-parent\" data-id=\"27\" data-element_type=\"container\" data-e-type=\"container\">\n\t\t\t\t\t<div class=\"e-con-inner\">\n\t\t\t\t<div class=\"elementor-element elementor-element-28 elementor-widget elementor-widget-text-editor\" data-id=\"28\" data-element_type=\"widget\" data-e-type=\"widget\" data-widget_type=\"text-editor.default\">\n\t\t\t\t\t\t<div class=\"elementor-widget-container\">\n\t\t\t\t\t\t\t\t\t<p>Le <a href=\"https:\/\/famaliving.ca\/fr\/blog\/pacifique-sectionnel-moderne\/\" target=\"_blank\">canap\u00e9 modulaire Fedra<\/a> de Fama est un v\u00e9ritable chef-d\u2019\u0153uvre du design de meubles modernes. Sa construction modulaire offre des possibilit\u00e9s infinies de personnalisation et de reconfiguration du canap\u00e9 pour l\u2019adapter parfaitement \u00e0 votre espace de vie. Des mat\u00e9riaux luxueux aux technologies de confort avanc\u00e9es, chaque aspect de ce <strong>canap\u00e9 personnalisable<\/strong> a \u00e9t\u00e9 m\u00e9ticuleusement con\u00e7u pour offrir une exp\u00e9rience in\u00e9gal\u00e9e.  <\/p>\n\t\t\t\t\t\t\t\t<\/div>\n\t\t\t\t<\/div>\n\t\t\t\t\t<\/div>\n\t\t\t\t<\/div>\n\t\t<div class=\"elementor-element elementor-element-29 e-flex e-con-boxed e-con e-parent\" data-id=\"29\" data-element_type=\"container\" data-e-type=\"container\">\n\t\t\t\t\t<div class=\"e-con-inner\">\n\t\t\t\t<div class=\"elementor-element elementor-element-30 elementor-widget elementor-widget-text-editor\" data-id=\"30\" data-element_type=\"widget\" data-e-type=\"widget\" data-widget_type=\"text-editor.default\">\n\t\t\t\t\t\t<div class=\"elementor-widget-container\">\n\t\t\t\t\t\t\t\t\t<p>L\u2019une des caract\u00e9ristiques les plus remarquables du Fedra est ses dossiers et accoudoirs interchangeables. Cette conception modulaire vous permet de m\u00e9langer et d\u2019assortir diff\u00e9rents \u00e9l\u00e9ments, cr\u00e9ant ainsi une solution de <strong>mobilier v\u00e9ritablement modulaire<\/strong> qui s\u2019adapte \u00e0 vos besoins et pr\u00e9f\u00e9rences changeants. Que vous cherchiez \u00e0 cr\u00e9er un sectionnel confortable en forme de L ou une configuration spacieuse en forme de U, la polyvalence du Fedra ne manquera pas d\u2019impressionner.  <\/p>\n\t\t\t\t\t\t\t\t<\/div>\n\t\t\t\t<\/div>\n\t\t\t\t\t<\/div>\n\t\t\t\t<\/div>\n\t\t<div class=\"elementor-element elementor-element-31 e-flex e-con-boxed e-con e-parent\" data-id=\"31\" data-element_type=\"container\" data-e-type=\"container\">\n\t\t\t\t\t<div class=\"e-con-inner\">\n\t\t\t\t<div class=\"elementor-element elementor-element-32 elementor-widget elementor-widget-text-editor\" data-id=\"32\" data-element_type=\"widget\" data-e-type=\"widget\" data-widget_type=\"text-editor.default\">\n\t\t\t\t\t\t<div class=\"elementor-widget-container\">\n\t\t\t\t\t\t\t\t\t<blockquote><p>\u00ab Le Fedra change la donne dans le monde du mobilier de <strong>luxe<\/strong>. Son souci du d\u00e9tail et son engagement envers la qualit\u00e9 sont in\u00e9gal\u00e9s. <\/p><\/blockquote>\n\t\t\t\t\t\t\t\t<\/div>\n\t\t\t\t<\/div>\n\t\t\t\t\t<\/div>\n\t\t\t\t<\/div>\n\t\t<div class=\"elementor-element elementor-element-33 e-flex e-con-boxed e-con e-parent\" data-id=\"33\" data-element_type=\"container\" data-e-type=\"container\">\n\t\t\t\t\t<div class=\"e-con-inner\">\n\t\t\t\t<div class=\"elementor-element elementor-element-34 elementor-widget elementor-widget-text-editor\" data-id=\"34\" data-element_type=\"widget\" data-e-type=\"widget\" data-widget_type=\"text-editor.default\">\n\t\t\t\t\t\t<div class=\"elementor-widget-container\">\n\t\t\t\t\t\t\t\t\t<p>Sous l\u2019ext\u00e9rieur \u00e9l\u00e9gant, le Fedra est con\u00e7u pour un confort maximal. Les technologies de confort innovantes, telles que la mousse haute densit\u00e9 et les syst\u00e8mes de sangle avanc\u00e9s, fonctionnent en harmonie pour offrir un soutien et une d\u00e9tente sup\u00e9rieurs. Cela garantit que chaque moment pass\u00e9 sur le Fedra est un v\u00e9ritable plaisir.  <\/p>\n\t\t\t\t\t\t\t\t<\/div>\n\t\t\t\t<\/div>\n\t\t\t\t<div class=\"elementor-element elementor-element-f2d6e0e elementor-widget elementor-widget-text-editor\" data-id=\"f2d6e0e\" data-element_type=\"widget\" data-e-type=\"widget\" data-widget_type=\"text-editor.default\">\n\t\t\t\t\t\t<div class=\"elementor-widget-container\">\n\t\t\t\t\t\t\t\t\t<p><a href=\"https:\/\/casavogue.ca\/en?srsltid=AfmBOoq6tV_x_krHgHDncUvOTq8ZBNlM21hgC4gsOOzmOTZK6enBEotY\" target=\"_new\" rel=\"noopener\">Casavogue<\/a> est sp\u00e9cialis\u00e9 dans les collections de meubles luxueux con\u00e7us pour des int\u00e9rieurs raffin\u00e9s. Fama va encore plus loin avec une personnalisation compl\u00e8te, une large gamme de tissus et de couleurs, et des meubles adapt\u00e9s aux espaces compacts et spacieux, garantissant fonctionnalit\u00e9 et beaut\u00e9. <\/p>\n\t\t\t\t\t\t\t\t<\/div>\n\t\t\t\t<\/div>\n\t\t\t\t\t<\/div>\n\t\t\t\t<\/div>\n\t\t<div class=\"elementor-element elementor-element-35 e-flex e-con-boxed e-con e-parent\" data-id=\"35\" data-element_type=\"container\" data-e-type=\"container\">\n\t\t\t\t\t<div class=\"e-con-inner\">\n\t\t\t\t<div class=\"elementor-element elementor-element-36 elementor-widget elementor-widget-image\" data-id=\"36\" data-element_type=\"widget\" data-e-type=\"widget\" data-widget_type=\"image.default\">\n\t\t\t\t\t\t<div class=\"elementor-widget-container\">\n\t\t\t\t\t\t\t\t\t\t\t\t\t\t\t<img loading=\"lazy\" decoding=\"async\" width=\"1400\" height=\"733\" src=\"https:\/\/famaliving.ca\/wp-content\/uploads\/sites\/29\/Modular-Sofa-Fedra_7.jpg\" class=\"attachment-large size-large wp-image-17959\" alt=\"\" srcset=\"https:\/\/famaliving.ca\/wp-content\/uploads\/sites\/29\/Modular-Sofa-Fedra_7.jpg 1600w, https:\/\/famaliving.ca\/wp-content\/uploads\/sites\/29\/Modular-Sofa-Fedra_7-800x419.jpg 800w, https:\/\/famaliving.ca\/wp-content\/uploads\/sites\/29\/Modular-Sofa-Fedra_7-400x210.jpg 400w, https:\/\/famaliving.ca\/wp-content\/uploads\/sites\/29\/Modular-Sofa-Fedra_7-768x402.jpg 768w, https:\/\/famaliving.ca\/wp-content\/uploads\/sites\/29\/Modular-Sofa-Fedra_7-1536x804.jpg 1536w\" sizes=\"auto, (max-width: 1400px) 100vw, 1400px\" \/>\t\t\t\t\t\t\t\t\t\t\t\t\t\t\t<\/div>\n\t\t\t\t<\/div>\n\t\t\t\t\t<\/div>\n\t\t\t\t<\/div>\n\t\t<div class=\"elementor-element elementor-element-37 e-flex e-con-boxed e-con e-parent\" data-id=\"37\" data-element_type=\"container\" data-e-type=\"container\">\n\t\t\t\t\t<div class=\"e-con-inner\">\n\t\t\t\t<div class=\"elementor-element elementor-element-38 elementor-widget elementor-widget-text-editor\" data-id=\"38\" data-element_type=\"widget\" data-e-type=\"widget\" data-widget_type=\"text-editor.default\">\n\t\t\t\t\t\t<div class=\"elementor-widget-container\">\n\t\t\t\t\t\t\t\t\t<p>Le d\u00e9vouement de Fama \u00e0 l\u2019artisanat est \u00e9vident dans la construction de la Fedra. Des mat\u00e9riaux haut de gamme utilis\u00e9s au processus de fabrication m\u00e9ticuleux, chaque aspect de ce <strong>meuble modulaire<\/strong> est con\u00e7u pour r\u00e9sister \u00e0 l\u2019\u00e9preuve du temps. Avec des garanties compl\u00e8tes sur le cadre et les sangles, vous pouvez \u00eatre assur\u00e9 que votre investissement dans le Fedra rapportera des dividendes pour les ann\u00e9es \u00e0 venir.  <\/p>\n\t\t\t\t\t\t\t\t<\/div>\n\t\t\t\t<\/div>\n\t\t\t\t\t<\/div>\n\t\t\t\t<\/div>\n\t\t<div class=\"elementor-element elementor-element-39 e-flex e-con-boxed e-con e-parent\" data-id=\"39\" data-element_type=\"container\" data-e-type=\"container\">\n\t\t\t\t\t<div class=\"e-con-inner\">\n\t\t\t\t<div class=\"elementor-element elementor-element-40 elementor-widget elementor-widget-heading\" data-id=\"40\" data-element_type=\"widget\" data-e-type=\"widget\" data-widget_type=\"heading.default\">\n\t\t\t\t\t\t<div class=\"elementor-widget-container\">\n\t\t\t\t\t<h2 class=\"elementor-heading-title elementor-size-default\">Options de personnalisation pour votre sectionnel parfait<\/h2>\t\t\t\t<\/div>\n\t\t\t\t<\/div>\n\t\t\t\t\t<\/div>\n\t\t\t\t<\/div>\n\t\t<div class=\"elementor-element elementor-element-41 e-flex e-con-boxed e-con e-parent\" data-id=\"41\" data-element_type=\"container\" data-e-type=\"container\">\n\t\t\t\t\t<div class=\"e-con-inner\">\n\t\t\t\t<div class=\"elementor-element elementor-element-42 elementor-widget elementor-widget-text-editor\" data-id=\"42\" data-element_type=\"widget\" data-e-type=\"widget\" data-widget_type=\"text-editor.default\">\n\t\t\t\t\t\t<div class=\"elementor-widget-container\">\n\t\t\t\t\t\t\t\t\t<p>Le canap\u00e9 modulaire Fedra vous permet de cr\u00e9er l\u2019espace de vie de vos r\u00eaves. Vous pouvez choisir parmi de nombreux tissus, mat\u00e9riaux et couleurs. De cette fa\u00e7on, vous pouvez cr\u00e9er un <b>canap\u00e9 sectionnel<\/b> qui correspond parfaitement \u00e0 votre style et \u00e0 vos besoins.  <\/p>\n\t\t\t\t\t\t\t\t<\/div>\n\t\t\t\t<\/div>\n\t\t\t\t\t<\/div>\n\t\t\t\t<\/div>\n\t\t<div class=\"elementor-element elementor-element-43 e-flex e-con-boxed e-con e-parent\" data-id=\"43\" data-element_type=\"container\" data-e-type=\"container\">\n\t\t\t\t\t<div class=\"e-con-inner\">\n\t\t\t\t<div class=\"elementor-element elementor-element-44 elementor-widget elementor-widget-heading\" data-id=\"44\" data-element_type=\"widget\" data-e-type=\"widget\" data-widget_type=\"heading.default\">\n\t\t\t\t\t\t<div class=\"elementor-widget-container\">\n\t\t\t\t\t<h3 class=\"elementor-heading-title elementor-size-default\">Guide de s\u00e9lection des tissus et des mat\u00e9riaux<\/h3>\t\t\t\t<\/div>\n\t\t\t\t<\/div>\n\t\t\t\t\t<\/div>\n\t\t\t\t<\/div>\n\t\t<div class=\"elementor-element elementor-element-45 e-flex e-con-boxed e-con e-parent\" data-id=\"45\" data-element_type=\"container\" data-e-type=\"container\">\n\t\t\t\t\t<div class=\"e-con-inner\">\n\t\t\t\t<div class=\"elementor-element elementor-element-46 elementor-widget elementor-widget-text-editor\" data-id=\"46\" data-element_type=\"widget\" data-e-type=\"widget\" data-widget_type=\"text-editor.default\">\n\t\t\t\t\t\t<div class=\"elementor-widget-container\">\n\t\t\t\t\t\t\t\t\t<p>Le choix du bon tissu et des bons mat\u00e9riaux est crucial. Votre canap\u00e9 modulaire Fedra doit avoir fi\u00e8re allure et se sentir \u00e0 l\u2019aise. Nous proposons une large gamme de tissus de haute qualit\u00e9, des velours doux aux cuirs r\u00e9sistants. Trouvez le m\u00e9lange parfait de style et de fonctionnalit\u00e9 pour votre salon.   <\/p>\n\t\t\t\t\t\t\t\t<\/div>\n\t\t\t\t<\/div>\n\t\t\t\t<div class=\"elementor-element elementor-element-1e3d788 elementor-widget elementor-widget-text-editor\" data-id=\"1e3d788\" data-element_type=\"widget\" data-e-type=\"widget\" data-widget_type=\"text-editor.default\">\n\t\t\t\t\t\t<div class=\"elementor-widget-container\">\n\t\t\t\t\t\t\t\t\t<p><a href=\"https:\/\/www.roche-bobois.com\/en-CA\/\" target=\"_new\" rel=\"noopener\">Roche Bobois<\/a> se distingue par son mobilier innovant et luxueux qui allie art et design moderne. Chez Fama, nous am\u00e9liorons cela en offrant des options de personnalisation in\u00e9gal\u00e9es, y compris des centaines de choix de tissus et de couleurs, afin que vous puissiez cr\u00e9er des meubles qui refl\u00e8tent votre personnalit\u00e9 et s\u2019adaptent parfaitement \u00e0 votre espace de vie. <\/p>\n\t\t\t\t\t\t\t\t<\/div>\n\t\t\t\t<\/div>\n\t\t\t\t\t<\/div>\n\t\t\t\t<\/div>\n\t\t<div class=\"elementor-element elementor-element-47 e-flex e-con-boxed e-con e-parent\" data-id=\"47\" data-element_type=\"container\" data-e-type=\"container\">\n\t\t\t\t\t<div class=\"e-con-inner\">\n\t\t\t\t<div class=\"elementor-element elementor-element-48 elementor-widget elementor-widget-heading\" data-id=\"48\" data-element_type=\"widget\" data-e-type=\"widget\" data-widget_type=\"heading.default\">\n\t\t\t\t\t\t<div class=\"elementor-widget-container\">\n\t\t\t\t\t<h3 class=\"elementor-heading-title elementor-size-default\">Possibilit\u00e9s de configuration<\/h3>\t\t\t\t<\/div>\n\t\t\t\t<\/div>\n\t\t\t\t\t<\/div>\n\t\t\t\t<\/div>\n\t\t<div class=\"elementor-element elementor-element-49 e-flex e-con-boxed e-con e-parent\" data-id=\"49\" data-element_type=\"container\" data-e-type=\"container\">\n\t\t\t\t\t<div class=\"e-con-inner\">\n\t\t\t\t<div class=\"elementor-element elementor-element-50 elementor-widget elementor-widget-text-editor\" data-id=\"50\" data-element_type=\"widget\" data-e-type=\"widget\" data-widget_type=\"text-editor.default\">\n\t\t\t\t\t\t<div class=\"elementor-widget-container\">\n\t\t\t\t\t\t\t\t\t<p>Le canap\u00e9 modulaire Fedra est tr\u00e8s polyvalent. Vous pouvez l\u2019agencer de plusieurs fa\u00e7ons pour l\u2019adapter \u00e0 votre espace. Nos experts peuvent vous aider \u00e0 choisir le meilleur am\u00e9nagement pour votre maison. Que vous souhaitiez une forme en L classique ou quelque chose de plus moderne, nous avons ce qu\u2019il vous faut.   <\/p>\n\t\t\t\t\t\t\t\t<\/div>\n\t\t\t\t<\/div>\n\t\t\t\t\t<\/div>\n\t\t\t\t<\/div>\n\t\t<div class=\"elementor-element elementor-element-51 e-flex e-con-boxed e-con e-parent\" data-id=\"51\" data-element_type=\"container\" data-e-type=\"container\">\n\t\t\t\t\t<div class=\"e-con-inner\">\n\t\t\t\t<div class=\"elementor-element elementor-element-52 elementor-widget elementor-widget-heading\" data-id=\"52\" data-element_type=\"widget\" data-e-type=\"widget\" data-widget_type=\"heading.default\">\n\t\t\t\t\t\t<div class=\"elementor-widget-container\">\n\t\t\t\t\t<h3 class=\"elementor-heading-title elementor-size-default\">Conseils de coordination des couleurs<\/h3>\t\t\t\t<\/div>\n\t\t\t\t<\/div>\n\t\t\t\t\t<\/div>\n\t\t\t\t<\/div>\n\t\t<div class=\"elementor-element elementor-element-53 e-flex e-con-boxed e-con e-parent\" data-id=\"53\" data-element_type=\"container\" data-e-type=\"container\">\n\t\t\t\t\t<div class=\"e-con-inner\">\n\t\t\t\t<div class=\"elementor-element elementor-element-54 elementor-widget elementor-widget-text-editor\" data-id=\"54\" data-element_type=\"widget\" data-e-type=\"widget\" data-widget_type=\"text-editor.default\">\n\t\t\t\t\t\t<div class=\"elementor-widget-container\">\n\t\t\t\t\t\t\t\t\t<p>La couleur est la cl\u00e9 pour donner une belle apparence \u00e0 votre salon. Le canap\u00e9 modulaire Fedra est disponible dans de nombreuses couleurs. Nos conseils vous aideront \u00e0 choisir la bonne couleur pour votre canap\u00e9, en parfaite ad\u00e9quation avec votre d\u00e9cor.  <\/p>\n\t\t\t\t\t\t\t\t<\/div>\n\t\t\t\t<\/div>\n\t\t\t\t\t<\/div>\n\t\t\t\t<\/div>\n\t\t<div class=\"elementor-element elementor-element-55 e-flex e-con-boxed e-con e-parent\" data-id=\"55\" data-element_type=\"container\" data-e-type=\"container\">\n\t\t\t\t\t<div class=\"e-con-inner\">\n\t\t\t\t<div class=\"elementor-element elementor-element-56 elementor-widget elementor-widget-text-editor\" data-id=\"56\" data-element_type=\"widget\" data-e-type=\"widget\" data-widget_type=\"text-editor.default\">\n\t\t\t\t\t\t<div class=\"elementor-widget-container\">\n\t\t\t\t\t\t\t\t\t<blockquote><p>\u00ab\u00a0Le canap\u00e9 modulaire Fedra nous permet de cr\u00e9er un espace de vie qui refl\u00e8te vraiment notre style et nos besoins personnels. Les options de personnalisation sont vraiment impressionnantes.<\/p><\/blockquote>\n\t\t\t\t\t\t\t\t<\/div>\n\t\t\t\t<\/div>\n\t\t\t\t\t<\/div>\n\t\t\t\t<\/div>\n\t\t<div class=\"elementor-element elementor-element-57 e-flex e-con-boxed e-con e-parent\" data-id=\"57\" data-element_type=\"container\" data-e-type=\"container\">\n\t\t\t\t\t<div class=\"e-con-inner\">\n\t\t\t\t<div class=\"elementor-element elementor-element-58 elementor-widget elementor-widget-text-editor\" data-id=\"58\" data-element_type=\"widget\" data-e-type=\"widget\" data-widget_type=\"text-editor.default\">\n\t\t\t\t\t\t<div class=\"elementor-widget-container\">\n\t\t\t\t\t\t\t\t\t<p>&#8211; Sarah, propri\u00e9taire \u00e0 Toronto<\/p>\n\t\t\t\t\t\t\t\t<\/div>\n\t\t\t\t<\/div>\n\t\t\t\t\t<\/div>\n\t\t\t\t<\/div>\n\t\t<div class=\"elementor-element elementor-element-59 e-flex e-con-boxed e-con e-parent\" data-id=\"59\" data-element_type=\"container\" data-e-type=\"container\">\n\t\t\t\t\t<div class=\"e-con-inner\">\n\t\t\t\t<div class=\"elementor-element elementor-element-60 elementor-widget elementor-widget-heading\" data-id=\"60\" data-element_type=\"widget\" data-e-type=\"widget\" data-widget_type=\"heading.default\">\n\t\t\t\t\t\t<div class=\"elementor-widget-container\">\n\t\t\t\t\t<h2 class=\"elementor-heading-title elementor-size-default\">Qualit\u00e9 artisanale et normes de durabilit\u00e9<\/h2>\t\t\t\t<\/div>\n\t\t\t\t<\/div>\n\t\t\t\t\t<\/div>\n\t\t\t\t<\/div>\n\t\t<div class=\"elementor-element elementor-element-61 e-flex e-con-boxed e-con e-parent\" data-id=\"61\" data-element_type=\"container\" data-e-type=\"container\">\n\t\t\t\t\t<div class=\"e-con-inner\">\n\t\t\t\t<div class=\"elementor-element elementor-element-62 elementor-widget elementor-widget-text-editor\" data-id=\"62\" data-element_type=\"widget\" data-e-type=\"widget\" data-widget_type=\"text-editor.default\">\n\t\t\t\t\t\t<div class=\"elementor-widget-container\">\n\t\t\t\t\t\t\t\t\t<p>Chez Fama Sofas, nous sommes fiers de nos <a href=\"https:\/\/famaliving.ca\/lifetime-guarantee-2\/\" target=\"_blank\">meubles de luxe<\/a>, comme le <b>canap\u00e9 sectionnel<\/b> modulaire Fedra. Nous mettons l\u2019accent sur la qualit\u00e9 \u00e0 chaque \u00e9tape de la fabrication de nos meubles. Cela inclut de choisir les meilleurs mat\u00e9riaux et de les tester minutieusement.  <\/p>\n\t\t\t\t\t\t\t\t<\/div>\n\t\t\t\t<\/div>\n\t\t\t\t\t<\/div>\n\t\t\t\t<\/div>\n\t\t<div class=\"elementor-element elementor-element-63 e-flex e-con-boxed e-con e-parent\" data-id=\"63\" data-element_type=\"container\" data-e-type=\"container\">\n\t\t\t\t\t<div class=\"e-con-inner\">\n\t\t\t\t<div class=\"elementor-element elementor-element-64 elementor-widget elementor-widget-text-editor\" data-id=\"64\" data-element_type=\"widget\" data-e-type=\"widget\" data-widget_type=\"text-editor.default\">\n\t\t\t\t\t\t<div class=\"elementor-widget-container\">\n\t\t\t\t\t\t\t\t\t<p>Le Fedra est fait pour durer. Il a un cadre solide et des sangles de haute qualit\u00e9, garanties \u00e0 vie. Notre syst\u00e8me de suspension de si\u00e8ge NEA le rend \u00e0 la fois durable et confortable, ce qui en fait un choix de premier ordre pour les <b>meubles de luxe<\/b>.  <\/p>\n\t\t\t\t\t\t\t\t<\/div>\n\t\t\t\t<\/div>\n\t\t\t\t\t<\/div>\n\t\t\t\t<\/div>\n\t\t<div class=\"elementor-element elementor-element-65 e-flex e-con-boxed e-con e-parent\" data-id=\"65\" data-element_type=\"container\" data-e-type=\"container\">\n\t\t\t\t\t<div class=\"e-con-inner\">\n\t\t\t\t<div class=\"elementor-element elementor-element-66 elementor-widget elementor-widget-text-editor\" data-id=\"66\" data-element_type=\"widget\" data-e-type=\"widget\" data-widget_type=\"text-editor.default\">\n\t\t\t\t\t\t<div class=\"elementor-widget-container\">\n\t\t\t\t\t\t\t\t\t<blockquote><p>\u00ab Nous nous engageons \u00e0 fournir \u00e0 nos clients des produits de la plus haute qualit\u00e9 qui r\u00e9sisteront \u00e0 l\u2019\u00e9preuve du temps. Le Fedra t\u00e9moigne de notre engagement envers l\u2019artisanat et l\u2019innovation.<\/p><\/blockquote>\n\t\t\t\t\t\t\t\t<\/div>\n\t\t\t\t<\/div>\n\t\t\t\t\t<\/div>\n\t\t\t\t<\/div>\n\t\t<div class=\"elementor-element elementor-element-67 e-flex e-con-boxed e-con e-parent\" data-id=\"67\" data-element_type=\"container\" data-e-type=\"container\">\n\t\t\t\t\t<div class=\"e-con-inner\">\n\t\t\t\t<div class=\"elementor-element elementor-element-68 elementor-widget elementor-widget-text-editor\" data-id=\"68\" data-element_type=\"widget\" data-e-type=\"widget\" data-widget_type=\"text-editor.default\">\n\t\t\t\t\t\t<div class=\"elementor-widget-container\">\n\t\t\t\t\t\t\t\t\t<p>Le Fedra b\u00e9n\u00e9ficie \u00e9galement d\u2019une garantie de cinq ans sur ses m\u00e9canismes et ses moteurs. Cela signifie que votre canap\u00e9 continuera \u00e0 fonctionner parfaitement pendant de nombreuses ann\u00e9es. Nous sommes certifi\u00e9s ISO 9001 depuis 1998, ce qui t\u00e9moigne de notre engagement envers la qualit\u00e9.  <\/p>\n\t\t\t\t\t\t\t\t<\/div>\n\t\t\t\t<\/div>\n\t\t\t\t\t<\/div>\n\t\t\t\t<\/div>\n\t\t<div class=\"elementor-element elementor-element-69 e-flex e-con-boxed e-con e-parent\" data-id=\"69\" data-element_type=\"container\" data-e-type=\"container\">\n\t\t\t\t\t<div class=\"e-con-inner\">\n\t\t\t\t<div class=\"elementor-element elementor-element-70 elementor-widget elementor-widget-text-editor\" data-id=\"70\" data-element_type=\"widget\" data-e-type=\"widget\" data-widget_type=\"text-editor.default\">\n\t\t\t\t\t\t<div class=\"elementor-widget-container\">\n\t\t\t\t\t\t\t\t\t<p>Choisir des <b>meubles de luxe<\/b> de qualit\u00e9 est une d\u00e9cision intelligente. Il donne \u00e0 votre maison une belle apparence et dure longtemps. Le <b>canap\u00e9 sectionnel<\/b> modulaire Fedra montre notre d\u00e9vouement \u00e0 l\u2019excellence. Nous sommes s\u00fbrs qu\u2019il r\u00e9pondra \u00e0 vos attentes pendant des ann\u00e9es.   <\/p>\n\t\t\t\t\t\t\t\t<\/div>\n\t\t\t\t<\/div>\n\t\t\t\t\t<\/div>\n\t\t\t\t<\/div>\n\t\t<div class=\"elementor-element elementor-element-71 e-flex e-con-boxed e-con e-parent\" data-id=\"71\" data-element_type=\"container\" data-e-type=\"container\">\n\t\t\t\t\t<div class=\"e-con-inner\">\n\t\t\t\t<div class=\"elementor-element elementor-element-72 elementor-widget elementor-widget-heading\" data-id=\"72\" data-element_type=\"widget\" data-e-type=\"widget\" data-widget_type=\"heading.default\">\n\t\t\t\t\t\t<div class=\"elementor-widget-container\">\n\t\t\t\t\t<h2 class=\"elementor-heading-title elementor-size-default\">Conclusion<\/h2>\t\t\t\t<\/div>\n\t\t\t\t<\/div>\n\t\t\t\t\t<\/div>\n\t\t\t\t<\/div>\n\t\t<div class=\"elementor-element elementor-element-73 e-flex e-con-boxed e-con e-parent\" data-id=\"73\" data-element_type=\"container\" data-e-type=\"container\">\n\t\t\t\t\t<div class=\"e-con-inner\">\n\t\t\t\t<div class=\"elementor-element elementor-element-74 elementor-widget elementor-widget-text-editor\" data-id=\"74\" data-element_type=\"widget\" data-e-type=\"widget\" data-widget_type=\"text-editor.default\">\n\t\t\t\t\t\t<div class=\"elementor-widget-container\">\n\t\t\t\t\t\t\t\t\t<p>Le canap\u00e9 modulaire Fedra de <a href=\"https:\/\/famaliving.ca\/fr\/blog\/pourquoi-famaliving-montreal\/\" target=\"_blank\">Fama Living<\/a> change vraiment la donne dans le <b>domaine du mobilier de luxe<\/b>. Il permet aux propri\u00e9taires canadiens de cr\u00e9er une pi\u00e8ce unique qui s\u2019adapte parfaitement \u00e0 leurs espaces de vie. Vous pouvez choisir parmi de nombreux tissus, mat\u00e9riaux et couleurs, et l\u2019agencer de plusieurs fa\u00e7ons.  <\/p>\n\t\t\t\t\t\t\t\t<\/div>\n\t\t\t\t<\/div>\n\t\t\t\t\t<\/div>\n\t\t\t\t<\/div>\n\t\t<div class=\"elementor-element elementor-element-75 e-flex e-con-boxed e-con e-parent\" data-id=\"75\" data-element_type=\"container\" data-e-type=\"container\">\n\t\t\t\t\t<div class=\"e-con-inner\">\n\t\t\t\t<div class=\"elementor-element elementor-element-76 elementor-widget elementor-widget-text-editor\" data-id=\"76\" data-element_type=\"widget\" data-e-type=\"widget\" data-widget_type=\"text-editor.default\">\n\t\t\t\t\t\t<div class=\"elementor-widget-container\">\n\t\t\t\t\t\t\t\t\t<p>Ce canap\u00e9 n\u2019est pas seulement une question d\u2019apparence&nbsp;; Il est \u00e9galement tr\u00e8s confortable et dure longtemps. Les services de conception en magasin de Fama Living vous aident \u00e0 cr\u00e9er la pi\u00e8ce parfaite. Cela am\u00e9liorera votre style de vie et donnera \u00e0 votre salon une belle apparence.  <\/p>\n\t\t\t\t\t\t\t\t<\/div>\n\t\t\t\t<\/div>\n\t\t\t\t\t<\/div>\n\t\t\t\t<\/div>\n\t\t<div class=\"elementor-element elementor-element-77 e-flex e-con-boxed e-con e-parent\" data-id=\"77\" data-element_type=\"container\" data-e-type=\"container\">\n\t\t\t\t\t<div class=\"e-con-inner\">\n\t\t\t\t<div class=\"elementor-element elementor-element-78 elementor-widget elementor-widget-text-editor\" data-id=\"78\" data-element_type=\"widget\" data-e-type=\"widget\" data-widget_type=\"text-editor.default\">\n\t\t\t\t\t\t<div class=\"elementor-widget-container\">\n\t\t\t\t\t\t\t\t\t<p>Que vous ayez un petit appartement ou une grande salle familiale, le canap\u00e9 modulaire Fedra est id\u00e9al. Il est tr\u00e8s polyvalent et personnalisable, ce qui vous permet de cr\u00e9er une pi\u00e8ce qui met en valeur votre style et r\u00e9pond \u00e0 vos besoins. Essayez le Fedra de Fama Living pour rendre votre espace de vie le meilleur possible.  <\/p>\n\t\t\t\t\t\t\t\t<\/div>\n\t\t\t\t<\/div>\n\t\t\t\t\t<\/div>\n\t\t\t\t<\/div>\n\t\t<div class=\"elementor-element elementor-element-474c823 e-flex e-con-boxed e-con e-parent\" data-id=\"474c823\" data-element_type=\"container\" data-e-type=\"container\">\n\t\t\t\t\t<div class=\"e-con-inner\">\n\t\t\t\t<div class=\"elementor-element elementor-element-ab64f19 elementor-align-center elementor-widget elementor-widget-button\" data-id=\"ab64f19\" data-element_type=\"widget\" data-e-type=\"widget\" data-widget_type=\"button.default\">\n\t\t\t\t\t\t<div class=\"elementor-widget-container\">\n\t\t\t\t\t\t\t\t\t<div class=\"elementor-button-wrapper\">\n\t\t\t\t\t<a class=\"elementor-button elementor-button-link elementor-size-sm\" href=\"https:\/\/famaliving.ca\/fr\/produit\/klee-klever-canape-moderne-copy-copy-copy-copy-copy\/\">\n\t\t\t\t\t\t<span class=\"elementor-button-content-wrapper\">\n\t\t\t\t\t\t\t\t\t<span class=\"elementor-button-text\">magasiner maintenant<\/span>\n\t\t\t\t\t<\/span>\n\t\t\t\t\t<\/a>\n\t\t\t\t<\/div>\n\t\t\t\t\t\t\t\t<\/div>\n\t\t\t\t<\/div>\n\t\t\t\t\t<\/div>\n\t\t\t\t<\/div>\n\t\t\t\t<\/div>\n\t\t","protected":false},"excerpt":{"rendered":"<p>D\u00e9couvrez le canap\u00e9 modulaire Fedra, une option d\u2019assise flexible pour votre maison canadienne. Il peut transformer n\u2019importe quel espace en un coin confortable, un grand lieu de rassemblement ou un endroit pour s\u2019amuser. Le design du Fedra vous permet de cr\u00e9er l\u2019espace de vie id\u00e9al pour votre style de vie. Le Fedra est fabriqu\u00e9 avec [&hellip;]<\/p>\n","protected":false},"author":1599,"featured_media":17951,"comment_status":"closed","ping_status":"closed","sticky":false,"template":"","format":"standard","meta":{"_acf_changed":false,"site-sidebar-layout":"default","site-content-layout":"","ast-site-content-layout":"default","site-content-style":"default","site-sidebar-style":"default","ast-global-header-display":"","ast-banner-title-visibility":"","ast-main-header-display":"","ast-hfb-above-header-display":"","ast-hfb-below-header-display":"","ast-hfb-mobile-header-display":"","site-post-title":"","ast-breadcrumbs-content":"","ast-featured-img":"","footer-sml-layout":"","ast-disable-related-posts":"","theme-transparent-header-meta":"","adv-header-id-meta":"","stick-header-meta":"","header-above-stick-meta":"","header-main-stick-meta":"","header-below-stick-meta":"","astra-migrate-meta-layouts":"default","ast-page-background-enabled":"default","ast-page-background-meta":{"desktop":{"background-color":"var(--ast-global-color-4)","background-image":"","background-repeat":"repeat","background-position":"center center","background-size":"auto","background-attachment":"scroll","background-type":"","background-media":"","overlay-type":"","overlay-color":"","overlay-opacity":"","overlay-gradient":""},"tablet":{"background-color":"","background-image":"","background-repeat":"repeat","background-position":"center center","background-size":"auto","background-attachment":"scroll","background-type":"","background-media":"","overlay-type":"","overlay-color":"","overlay-opacity":"","overlay-gradient":""},"mobile":{"background-color":"","background-image":"","background-repeat":"repeat","background-position":"center center","background-size":"auto","background-attachment":"scroll","background-type":"","background-media":"","overlay-type":"","overlay-color":"","overlay-opacity":"","overlay-gradient":""}},"ast-content-background-meta":{"desktop":{"background-color":"var(--ast-global-color-5)","background-image":"","background-repeat":"repeat","background-position":"center center","background-size":"auto","background-attachment":"scroll","background-type":"","background-media":"","overlay-type":"","overlay-color":"","overlay-opacity":"","overlay-gradient":""},"tablet":{"background-color":"var(--ast-global-color-5)","background-image":"","background-repeat":"repeat","background-position":"center center","background-size":"auto","background-attachment":"scroll","background-type":"","background-media":"","overlay-type":"","overlay-color":"","overlay-opacity":"","overlay-gradient":""},"mobile":{"background-color":"var(--ast-global-color-5)","background-image":"","background-repeat":"repeat","background-position":"center center","background-size":"auto","background-attachment":"scroll","background-type":"","background-media":"","overlay-type":"","overlay-color":"","overlay-opacity":"","overlay-gradient":""}},"footnotes":""},"categories":[47],"tags":[380,260,377],"class_list":["post-23508","post","type-post","status-publish","format-standard","has-post-thumbnail","hentry","category-modern-furniture-trends","tag-canape-personnalisable","tag-interior-design-fr","tag-mobilier-de-salon"],"acf":[],"_links":{"self":[{"href":"https:\/\/famaliving.ca\/fr\/wp-json\/wp\/v2\/posts\/23508","targetHints":{"allow":["GET"]}}],"collection":[{"href":"https:\/\/famaliving.ca\/fr\/wp-json\/wp\/v2\/posts"}],"about":[{"href":"https:\/\/famaliving.ca\/fr\/wp-json\/wp\/v2\/types\/post"}],"author":[{"embeddable":true,"href":"https:\/\/famaliving.ca\/fr\/wp-json\/wp\/v2\/users\/1599"}],"replies":[{"embeddable":true,"href":"https:\/\/famaliving.ca\/fr\/wp-json\/wp\/v2\/comments?post=23508"}],"version-history":[{"count":4,"href":"https:\/\/famaliving.ca\/fr\/wp-json\/wp\/v2\/posts\/23508\/revisions"}],"predecessor-version":[{"id":25035,"href":"https:\/\/famaliving.ca\/fr\/wp-json\/wp\/v2\/posts\/23508\/revisions\/25035"}],"wp:featuredmedia":[{"embeddable":true,"href":"https:\/\/famaliving.ca\/fr\/wp-json\/wp\/v2\/media\/17951"}],"wp:attachment":[{"href":"https:\/\/famaliving.ca\/fr\/wp-json\/wp\/v2\/media?parent=23508"}],"wp:term":[{"taxonomy":"category","embeddable":true,"href":"https:\/\/famaliving.ca\/fr\/wp-json\/wp\/v2\/categories?post=23508"},{"taxonomy":"post_tag","embeddable":true,"href":"https:\/\/famaliving.ca\/fr\/wp-json\/wp\/v2\/tags?post=23508"}],"curies":[{"name":"wp","href":"https:\/\/api.w.org\/{rel}","templated":true}]}}